{"id":20,"__str__":"Projeto de Lei Ordin\u00e1ria n\u00ba 8 de 2020","link_detail_backend":"/materia/20","metadata":{},"numero":8,"ano":2020,"numero_protocolo":null,"data_apresentacao":"2020-02-10","tipo_apresentacao":"E","data_publicacao":null,"numero_origem_externa":"","ano_origem_externa":null,"data_origem_externa":null,"apelido":"","dias_prazo":null,"data_fim_prazo":null,"em_tramitacao":false,"polemica":null,"objeto":"","complementar":null,"ementa":"Reorganiza o quadro de cargos da Administra\u00e7\u00e3o P\u00fablica; altera o Anexo I da Lei 841/2020 e d\u00e1 outras provid\u00eancias.","indexacao":"","observacao":"","resultado":"","texto_original":"http://sapl.goiana.mg.leg.br/media/sapl/public/materialegislativa/2020/20/plo_008_-_reorganiza_quadro_cargos_da_administracao_publica_-_altera__lei_841-2020.pdf","data_ultima_atualizacao":"2020-02-21T08:47:46.151793-03:00","ip":"45.171.219.249","ultima_edicao":"2020-02-21T08:46:32.357587-03:00","tipo":5,"regime_tramitacao":1,"tipo_origem_externa":null,"local_origem_externa":null,"user":6,"anexadas":[],"autores":[27]}