{"id":422,"__str__":"Indica\u00e7\u00e3o n\u00ba 39 de 2017","link_detail_backend":"/materia/422","metadata":{},"numero":39,"ano":2017,"numero_protocolo":null,"data_apresentacao":"2017-02-10","tipo_apresentacao":"E","data_publicacao":null,"numero_origem_externa":"","ano_origem_externa":null,"data_origem_externa":null,"apelido":"","dias_prazo":null,"data_fim_prazo":null,"em_tramitacao":false,"polemica":null,"objeto":"","complementar":null,"ementa":"Ao Excelent\u00edssimo Prefeito Municipal de Goian\u00e1 Estevam de Assis Barreiros, o seguinte pedido de provid\u00eancia:\r\nInstala\u00e7\u00e3o de uma prote\u00e7\u00e3o na estrutura da Quadra do Mineirinho, visando a seguran\u00e7a dos usu\u00e1rios; constru\u00e7\u00e3o de mais uma arquibancada com cobertura, inclusive, instala\u00e7\u00e3o de cobertura para a cobertura j\u00e1 existente; reforma dos banheiros; pintura da quadra.","indexacao":"","observacao":"","resultado":"","texto_original":"http://sapl.goiana.mg.leg.br/media/sapl/public/materialegislativa/2017/422/ind_039-2017_-_melhorias_quadra_mineirinho.pdf","data_ultima_atualizacao":"2020-05-22T11:32:21.402295-03:00","ip":"177.75.39.126","ultima_edicao":"2020-05-22T11:31:49.619805-03:00","tipo":1,"regime_tramitacao":1,"tipo_origem_externa":null,"local_origem_externa":null,"user":6,"anexadas":[],"autores":[22]}