{"id":578,"__str__":"Requerimento n\u00ba 3 de 2017","link_detail_backend":"/materia/578","metadata":{},"numero":3,"ano":2017,"numero_protocolo":null,"data_apresentacao":"2017-03-15","tipo_apresentacao":"E","data_publicacao":null,"numero_origem_externa":"","ano_origem_externa":null,"data_origem_externa":null,"apelido":"","dias_prazo":null,"data_fim_prazo":null,"em_tramitacao":false,"polemica":null,"objeto":"","complementar":null,"ementa":"Aos Excelent\u00edssimos Senhores Deputados Federais o seguinte requerimento:\r\n\r\nA n\u00e3o aprova\u00e7\u00e3o da Proposta de Emenda \u00e0 Constitui\u00e7\u00e3o que Altera os arts. 37, 40, 109, 149, 167, 195, 201 e 203 da Constitui\u00e7\u00e3o, para dispor sobre a seguridade social, estabelece regras de transi\u00e7\u00e3o e d\u00e1 outras provid\u00eancias, de 05 de dezembro de 2016, que ficou denominada Reforma da Previd\u00eancia Social, ou PEC 287, proposta pelo Governo Federal","indexacao":"","observacao":"","resultado":"","texto_original":"http://sapl.goiana.mg.leg.br/media/sapl/public/materialegislativa/2017/578/req_003-2017_-_camara_dos_deputados_rejeitas_pec_287.pdf","data_ultima_atualizacao":"2020-05-25T15:39:20.603939-03:00","ip":"45.171.218.248","ultima_edicao":"2020-05-25T15:36:46.317324-03:00","tipo":3,"regime_tramitacao":1,"tipo_origem_externa":null,"local_origem_externa":null,"user":6,"anexadas":[],"autores":[18,19,20,21,22,24,23,25,26]}