{"id":584,"__str__":"Requerimento n\u00ba 9 de 2017","link_detail_backend":"/materia/584","metadata":{},"numero":9,"ano":2017,"numero_protocolo":null,"data_apresentacao":"2017-05-23","tipo_apresentacao":"E","data_publicacao":null,"numero_origem_externa":"","ano_origem_externa":null,"data_origem_externa":null,"apelido":"","dias_prazo":null,"data_fim_prazo":null,"em_tramitacao":false,"polemica":null,"objeto":"","complementar":null,"ementa":"Vem requerer que seja encaminhado ao Departamento de Estradas e Rodagem de Minas Gerais - DER/MG o seguinte:\r\n\r\nSejam realizados o servi\u00e7o de pintura de faixas de pedestres na Avenida 21 de Dezembro em locais estrat\u00e9gicos (acesso \u00e0 Creche Municipal, Sala da Banda, Centro Cultural, Parada Rodovi\u00e1ria, Pontos de \u00d4nibus, entre outros).","indexacao":"","observacao":"","resultado":"","texto_original":"http://sapl.goiana.mg.leg.br/media/sapl/public/materialegislativa/2017/584/req_009-2017_-_der_faixas_pedestres_av._21_dezembro.pdf","data_ultima_atualizacao":"2020-05-25T15:55:54.796995-03:00","ip":"45.171.218.248","ultima_edicao":"2020-05-25T15:50:03.887658-03:00","tipo":3,"regime_tramitacao":1,"tipo_origem_externa":null,"local_origem_externa":null,"user":6,"anexadas":[],"autores":[26]}