{"id":9,"__str__":"Indica\u00e7\u00e3o n\u00ba 9 de 2020","link_detail_backend":"/materia/9","metadata":{},"numero":9,"ano":2020,"numero_protocolo":null,"data_apresentacao":"2020-02-03","tipo_apresentacao":"E","data_publicacao":null,"numero_origem_externa":"","ano_origem_externa":null,"data_origem_externa":null,"apelido":"","dias_prazo":null,"data_fim_prazo":null,"em_tramitacao":false,"polemica":null,"objeto":"","complementar":null,"ementa":"Indicar ao Excelent\u00edssimo Prefeito Municipal de Goian\u00e1 \u2013 Estevam de Assis Barreiros \u2013 a possibilidade de ser feita campanha de conscientiza\u00e7\u00e3o visando o uso de aparelho de som automotivo ou residencial com volume adequado, visando evitar inc\u00f4modos indevidos para terceiros.","indexacao":"","observacao":"","resultado":"","texto_original":"http://sapl.goiana.mg.leg.br/media/sapl/public/materialegislativa/2020/9/ind_009_-_campanha_uso_consciente_som_automotivo_e_residencial.pdf","data_ultima_atualizacao":"2020-02-11T15:39:01.162323-03:00","ip":"45.171.219.249","ultima_edicao":"2020-02-11T15:38:20.846968-03:00","tipo":1,"regime_tramitacao":1,"tipo_origem_externa":null,"local_origem_externa":null,"user":4,"anexadas":[],"autores":[26]}